{"id":1490,"date":"2026-01-27T08:57:58","date_gmt":"2026-01-27T08:57:58","guid":{"rendered":"https:\/\/acapulcobeach.info\/elisa-in-concerto-a-jesolo\/"},"modified":"2026-02-18T07:45:05","modified_gmt":"2026-02-18T07:45:05","slug":"elisa-in-concerto-a-jesolo","status":"publish","type":"post","link":"https:\/\/acapulcobeach.info\/en\/elisa-in-concerto-a-jesolo\/","title":{"rendered":"Concerto di Elisa a Jesolo: una serata di emozioni al Palazzo del Turismo (Piazza Brescia)"},"content":{"rendered":"\n<p>Jesolo sa sorprendere anche fuori stagione, e il <strong>Palazzo del Turismo (Piazza Brescia, 11)<\/strong> \u00e8 uno di quei luoghi capaci di trasformare una semplice sera in un ricordo da portarsi dietro. \u00c8 successo con il <strong>concerto di Elisa<\/strong>, che ha portato in citt\u00e0 una carica di energia, musica e emozioni difficili da spiegare\u2026 ma facilissime da sentire.&nbsp;<\/p>\n\n\n\n<h2 class=\"wp-block-heading\"><strong>Un evento che ha acceso Piazza Brescia<\/strong><\/h2>\n\n\n\n<p>Quando c\u2019\u00e8 Elisa sul palco, il tempo cambia ritmo: luci, voce, atmosfera\u2026 e un pubblico che canta, ascolta, si emoziona. Jesolo, per una notte, non \u00e8 stata \u201csolo\u201d mare: \u00e8 diventata <strong>capitale di musica live<\/strong>.<\/p>\n\n\n\n<p>E la scelta della location ha fatto la differenza: <strong>Palazzo del Turismo<\/strong>, nel cuore della citt\u00e0, comodo da raggiungere e perfetto per grandi eventi.&nbsp;<\/p>\n\n\n\n<h2 class=\"wp-block-heading\"><strong>Due date, tanta richiesta<\/strong><\/h2>\n\n\n\n<p>Il concerto di Elisa a Jesolo ha avuto <strong>pi\u00f9 date<\/strong> (23 e 24 aprile 2026), un segnale chiaro dell\u2019entusiasmo del pubblico e di quanto questo appuntamento fosse atteso.&nbsp;<\/p>\n\n\n\n<h2 class=\"wp-block-heading\"><strong>Il bello dei concerti a Jesolo: vivi l\u2019evento e poi\u2026 relax<\/strong><\/h2>\n\n\n\n<p>La cosa pi\u00f9 smart quando vieni a Jesolo per un evento \u00e8 una: <strong>trasformare il concerto in un weekend<\/strong>.<\/p>\n\n\n\n<p>Dopo una serata intensa, quello che vuoi \u00e8 semplice:<\/p>\n\n\n\n<ul>\n<li>rientrare senza stress<\/li>\n\n\n\n<li>dormire bene<\/li>\n\n\n\n<li>svegliarti con calma e magari fare una passeggiata vista mare<\/li>\n<\/ul>\n\n\n\n<h3 class=\"wp-block-heading\"><strong>Hotel Acapulco Beach: la base perfetta per gli eventi a Jesolo<\/strong><\/h3>\n\n\n\n<p>Se ami i concerti e vuoi goderteli al 100%, l\u2019ideale \u00e8 scegliere una base accogliente vicino al mare, dove staccare davvero dopo lo spettacolo.<\/p>\n\n\n\n<p>All\u2019<strong>Hotel Acapulco Beach<\/strong> trovi:<\/p>\n\n\n\n<ul>\n<li>atmosfera rilassata e ospitalit\u00e0 familiare<\/li>\n\n\n\n<li>camere comode per ricaricare le energie<\/li>\n\n\n\n<li>colazione per ripartire con il piede giusto<\/li>\n\n\n\n<li>e il mare a due passi per allungare la magia anche al giorno dopo<\/li>\n<\/ul>\n\n\n\n<h2 class=\"wp-block-heading\"><strong>Prossimi eventi: non aspettare l\u2019ultimo minuto<\/strong><\/h2>\n\n\n\n<p>Una cosa \u00e8 certa: quando arrivano i grandi nomi, Jesolo si riempie in fretta. Se vuoi vivere i prossimi concerti senza pensieri, il consiglio \u00e8 sempre lo stesso: <strong>organizzati per tempo<\/strong>.<\/p>\n\n\n\n<p>\ud83d\udc49 Tieni d\u2019occhio gli eventi in citt\u00e0 e, quando trovi la data giusta, trasformala in una piccola vacanza.<\/p>\n","protected":false},"excerpt":{"rendered":"<p>Jesolo sa sorprendere anche fuori stagione, e il Palazzo del Turismo (Piazza Brescia, 11) \u00e8 uno di quei luoghi capaci di trasformare una semplice sera in un ricordo da portarsi dietro. \u00c8 successo con il concerto di Elisa, che ha portato in citt\u00e0 una carica di energia, musica e emozioni difficili da spiegare\u2026 ma facilissime [&hellip;]<\/p>\n","protected":false},"author":2,"featured_media":1488,"comment_status":"closed","ping_status":"closed","sticky":false,"template":"","format":"standard","meta":{"_acf_changed":false,"footnotes":""},"categories":[1],"tags":[],"acf":[],"yoast_head":"<!-- This site is optimized with the Yoast SEO plugin v21.9 - https:\/\/yoast.com\/wordpress\/plugins\/seo\/ -->\n<title>Concerto di Elisa a Jesolo: emozioni al Palazzo del Turismo<\/title>\n<meta name=\"description\" content=\"Rivivi il concerto di Elisa a Jesolo al Palazzo del Turismo: atmosfera unica, musica dal vivo e consigli per vivere gli eventi in citt\u00e0.\" \/>\n<meta name=\"robots\" content=\"index, follow, max-snippet:-1, max-image-preview:large, max-video-preview:-1\" \/>\n<link rel=\"canonical\" href=\"https:\/\/acapulcobeach.info\/en\/elisa-in-concerto-a-jesolo\/\" \/>\n<meta property=\"og:locale\" content=\"en_US\" \/>\n<meta property=\"og:type\" content=\"article\" \/>\n<meta property=\"og:title\" content=\"Concerto di Elisa a Jesolo: emozioni al Palazzo del Turismo\" \/>\n<meta property=\"og:description\" content=\"Rivivi il concerto di Elisa a Jesolo al Palazzo del Turismo: atmosfera unica, musica dal vivo e consigli per vivere gli eventi in citt\u00e0.\" \/>\n<meta property=\"og:url\" content=\"https:\/\/acapulcobeach.info\/en\/elisa-in-concerto-a-jesolo\/\" \/>\n<meta property=\"og:site_name\" content=\"Acapulco Beach - Hotel 3 stelle Jesolo\" \/>\n<meta property=\"article:publisher\" content=\"https:\/\/www.facebook.com\/HotelAcapulcoBeach\" \/>\n<meta property=\"article:published_time\" content=\"2026-01-27T08:57:58+00:00\" \/>\n<meta property=\"article:modified_time\" content=\"2026-02-18T07:45:05+00:00\" \/>\n<meta property=\"og:image\" content=\"https:\/\/acapulcobeach.info\/wp-content\/uploads\/2026\/01\/concerto_elisa-1024x683.png\" \/>\n\t<meta property=\"og:image:width\" content=\"1024\" \/>\n\t<meta property=\"og:image:height\" content=\"683\" \/>\n\t<meta property=\"og:image:type\" content=\"image\/png\" \/>\n<meta name=\"author\" content=\"AcapulcoAmm\" \/>\n<meta name=\"twitter:card\" content=\"summary_large_image\" \/>\n<meta name=\"twitter:label1\" content=\"Written by\" \/>\n\t<meta name=\"twitter:data1\" content=\"AcapulcoAmm\" \/>\n\t<meta name=\"twitter:label2\" content=\"Est. reading time\" \/>\n\t<meta name=\"twitter:data2\" content=\"2 minutes\" \/>\n<script type=\"application\/ld+json\" class=\"yoast-schema-graph\">{\"@context\":\"https:\/\/schema.org\",\"@graph\":[{\"@type\":\"Article\",\"@id\":\"https:\/\/acapulcobeach.info\/en\/elisa-in-concerto-a-jesolo\/#article\",\"isPartOf\":{\"@id\":\"https:\/\/acapulcobeach.info\/en\/elisa-in-concerto-a-jesolo\/\"},\"author\":{\"name\":\"AcapulcoAmm\",\"@id\":\"https:\/\/acapulcobeach.info\/en\/#\/schema\/person\/1b153367ab8de4c67d7bb9f9da22cca1\"},\"headline\":\"Concerto di Elisa a Jesolo: una serata di emozioni al Palazzo del Turismo (Piazza Brescia)\",\"datePublished\":\"2026-01-27T08:57:58+00:00\",\"dateModified\":\"2026-02-18T07:45:05+00:00\",\"mainEntityOfPage\":{\"@id\":\"https:\/\/acapulcobeach.info\/en\/elisa-in-concerto-a-jesolo\/\"},\"wordCount\":344,\"publisher\":{\"@id\":\"https:\/\/acapulcobeach.info\/en\/#organization\"},\"articleSection\":[\"Blog\"],\"inLanguage\":\"en-US\"},{\"@type\":\"WebPage\",\"@id\":\"https:\/\/acapulcobeach.info\/en\/elisa-in-concerto-a-jesolo\/\",\"url\":\"https:\/\/acapulcobeach.info\/en\/elisa-in-concerto-a-jesolo\/\",\"name\":\"Concerto di Elisa a Jesolo: emozioni al Palazzo del Turismo\",\"isPartOf\":{\"@id\":\"https:\/\/acapulcobeach.info\/en\/#website\"},\"datePublished\":\"2026-01-27T08:57:58+00:00\",\"dateModified\":\"2026-02-18T07:45:05+00:00\",\"description\":\"Rivivi il concerto di Elisa a Jesolo al Palazzo del Turismo: atmosfera unica, musica dal vivo e consigli per vivere gli eventi in citt\u00e0.\",\"breadcrumb\":{\"@id\":\"https:\/\/acapulcobeach.info\/en\/elisa-in-concerto-a-jesolo\/#breadcrumb\"},\"inLanguage\":\"en-US\",\"potentialAction\":[{\"@type\":\"ReadAction\",\"target\":[\"https:\/\/acapulcobeach.info\/en\/elisa-in-concerto-a-jesolo\/\"]}]},{\"@type\":\"BreadcrumbList\",\"@id\":\"https:\/\/acapulcobeach.info\/en\/elisa-in-concerto-a-jesolo\/#breadcrumb\",\"itemListElement\":[{\"@type\":\"ListItem\",\"position\":1,\"name\":\"Home\",\"item\":\"https:\/\/acapulcobeach.info\/en\/\"},{\"@type\":\"ListItem\",\"position\":2,\"name\":\"Concerto di Elisa a Jesolo: una serata di emozioni al Palazzo del Turismo (Piazza Brescia)\"}]},{\"@type\":\"WebSite\",\"@id\":\"https:\/\/acapulcobeach.info\/en\/#website\",\"url\":\"https:\/\/acapulcobeach.info\/en\/\",\"name\":\"Acapulco Beach - Hotel 3 stelle Jesolo\",\"description\":\"Sito Ufficiale miglior prezzo\",\"publisher\":{\"@id\":\"https:\/\/acapulcobeach.info\/en\/#organization\"},\"potentialAction\":[{\"@type\":\"SearchAction\",\"target\":{\"@type\":\"EntryPoint\",\"urlTemplate\":\"https:\/\/acapulcobeach.info\/en\/?s={search_term_string}\"},\"query-input\":\"required name=search_term_string\"}],\"inLanguage\":\"en-US\"},{\"@type\":\"Organization\",\"@id\":\"https:\/\/acapulcobeach.info\/en\/#organization\",\"name\":\"Acapulco Beach - Hotel 3 stelle Jesolo\",\"url\":\"https:\/\/acapulcobeach.info\/en\/\",\"logo\":{\"@type\":\"ImageObject\",\"inLanguage\":\"en-US\",\"@id\":\"https:\/\/acapulcobeach.info\/en\/#\/schema\/logo\/image\/\",\"url\":\"https:\/\/acapulcobeach.info\/wp-content\/uploads\/2023\/11\/Acapulco-sv.svg\",\"contentUrl\":\"https:\/\/acapulcobeach.info\/wp-content\/uploads\/2023\/11\/Acapulco-sv.svg\",\"caption\":\"Acapulco Beach - Hotel 3 stelle Jesolo\"},\"image\":{\"@id\":\"https:\/\/acapulcobeach.info\/en\/#\/schema\/logo\/image\/\"},\"sameAs\":[\"https:\/\/www.facebook.com\/HotelAcapulcoBeach\"]},{\"@type\":\"Person\",\"@id\":\"https:\/\/acapulcobeach.info\/en\/#\/schema\/person\/1b153367ab8de4c67d7bb9f9da22cca1\",\"name\":\"AcapulcoAmm\",\"image\":{\"@type\":\"ImageObject\",\"inLanguage\":\"en-US\",\"@id\":\"https:\/\/acapulcobeach.info\/en\/#\/schema\/person\/image\/\",\"url\":\"https:\/\/secure.gravatar.com\/avatar\/24d838053ac794a7ee707e5786b7bd57?s=96&d=mm&r=g\",\"contentUrl\":\"https:\/\/secure.gravatar.com\/avatar\/24d838053ac794a7ee707e5786b7bd57?s=96&d=mm&r=g\",\"caption\":\"AcapulcoAmm\"},\"url\":\"https:\/\/acapulcobeach.info\/en\/author\/acapulcoamm\/\"}]}<\/script>\n<!-- \/ Yoast SEO plugin. -->","yoast_head_json":{"title":"Concerto di Elisa a Jesolo: emozioni al Palazzo del Turismo","description":"Rivivi il concerto di Elisa a Jesolo al Palazzo del Turismo: atmosfera unica, musica dal vivo e consigli per vivere gli eventi in citt\u00e0.","robots":{"index":"index","follow":"follow","max-snippet":"max-snippet:-1","max-image-preview":"max-image-preview:large","max-video-preview":"max-video-preview:-1"},"canonical":"https:\/\/acapulcobeach.info\/en\/elisa-in-concerto-a-jesolo\/","og_locale":"en_US","og_type":"article","og_title":"Concerto di Elisa a Jesolo: emozioni al Palazzo del Turismo","og_description":"Rivivi il concerto di Elisa a Jesolo al Palazzo del Turismo: atmosfera unica, musica dal vivo e consigli per vivere gli eventi in citt\u00e0.","og_url":"https:\/\/acapulcobeach.info\/en\/elisa-in-concerto-a-jesolo\/","og_site_name":"Acapulco Beach - Hotel 3 stelle Jesolo","article_publisher":"https:\/\/www.facebook.com\/HotelAcapulcoBeach","article_published_time":"2026-01-27T08:57:58+00:00","article_modified_time":"2026-02-18T07:45:05+00:00","og_image":[{"width":1024,"height":683,"url":"https:\/\/acapulcobeach.info\/wp-content\/uploads\/2026\/01\/concerto_elisa-1024x683.png","type":"image\/png"}],"author":"AcapulcoAmm","twitter_card":"summary_large_image","twitter_misc":{"Written by":"AcapulcoAmm","Est. reading time":"2 minutes"},"schema":{"@context":"https:\/\/schema.org","@graph":[{"@type":"Article","@id":"https:\/\/acapulcobeach.info\/en\/elisa-in-concerto-a-jesolo\/#article","isPartOf":{"@id":"https:\/\/acapulcobeach.info\/en\/elisa-in-concerto-a-jesolo\/"},"author":{"name":"AcapulcoAmm","@id":"https:\/\/acapulcobeach.info\/en\/#\/schema\/person\/1b153367ab8de4c67d7bb9f9da22cca1"},"headline":"Concerto di Elisa a Jesolo: una serata di emozioni al Palazzo del Turismo (Piazza Brescia)","datePublished":"2026-01-27T08:57:58+00:00","dateModified":"2026-02-18T07:45:05+00:00","mainEntityOfPage":{"@id":"https:\/\/acapulcobeach.info\/en\/elisa-in-concerto-a-jesolo\/"},"wordCount":344,"publisher":{"@id":"https:\/\/acapulcobeach.info\/en\/#organization"},"articleSection":["Blog"],"inLanguage":"en-US"},{"@type":"WebPage","@id":"https:\/\/acapulcobeach.info\/en\/elisa-in-concerto-a-jesolo\/","url":"https:\/\/acapulcobeach.info\/en\/elisa-in-concerto-a-jesolo\/","name":"Concerto di Elisa a Jesolo: emozioni al Palazzo del Turismo","isPartOf":{"@id":"https:\/\/acapulcobeach.info\/en\/#website"},"datePublished":"2026-01-27T08:57:58+00:00","dateModified":"2026-02-18T07:45:05+00:00","description":"Rivivi il concerto di Elisa a Jesolo al Palazzo del Turismo: atmosfera unica, musica dal vivo e consigli per vivere gli eventi in citt\u00e0.","breadcrumb":{"@id":"https:\/\/acapulcobeach.info\/en\/elisa-in-concerto-a-jesolo\/#breadcrumb"},"inLanguage":"en-US","potentialAction":[{"@type":"ReadAction","target":["https:\/\/acapulcobeach.info\/en\/elisa-in-concerto-a-jesolo\/"]}]},{"@type":"BreadcrumbList","@id":"https:\/\/acapulcobeach.info\/en\/elisa-in-concerto-a-jesolo\/#breadcrumb","itemListElement":[{"@type":"ListItem","position":1,"name":"Home","item":"https:\/\/acapulcobeach.info\/en\/"},{"@type":"ListItem","position":2,"name":"Concerto di Elisa a Jesolo: una serata di emozioni al Palazzo del Turismo (Piazza Brescia)"}]},{"@type":"WebSite","@id":"https:\/\/acapulcobeach.info\/en\/#website","url":"https:\/\/acapulcobeach.info\/en\/","name":"Acapulco Beach - Hotel 3 stelle Jesolo","description":"Sito Ufficiale miglior prezzo","publisher":{"@id":"https:\/\/acapulcobeach.info\/en\/#organization"},"potentialAction":[{"@type":"SearchAction","target":{"@type":"EntryPoint","urlTemplate":"https:\/\/acapulcobeach.info\/en\/?s={search_term_string}"},"query-input":"required name=search_term_string"}],"inLanguage":"en-US"},{"@type":"Organization","@id":"https:\/\/acapulcobeach.info\/en\/#organization","name":"Acapulco Beach - Hotel 3 stelle Jesolo","url":"https:\/\/acapulcobeach.info\/en\/","logo":{"@type":"ImageObject","inLanguage":"en-US","@id":"https:\/\/acapulcobeach.info\/en\/#\/schema\/logo\/image\/","url":"https:\/\/acapulcobeach.info\/wp-content\/uploads\/2023\/11\/Acapulco-sv.svg","contentUrl":"https:\/\/acapulcobeach.info\/wp-content\/uploads\/2023\/11\/Acapulco-sv.svg","caption":"Acapulco Beach - Hotel 3 stelle Jesolo"},"image":{"@id":"https:\/\/acapulcobeach.info\/en\/#\/schema\/logo\/image\/"},"sameAs":["https:\/\/www.facebook.com\/HotelAcapulcoBeach"]},{"@type":"Person","@id":"https:\/\/acapulcobeach.info\/en\/#\/schema\/person\/1b153367ab8de4c67d7bb9f9da22cca1","name":"AcapulcoAmm","image":{"@type":"ImageObject","inLanguage":"en-US","@id":"https:\/\/acapulcobeach.info\/en\/#\/schema\/person\/image\/","url":"https:\/\/secure.gravatar.com\/avatar\/24d838053ac794a7ee707e5786b7bd57?s=96&d=mm&r=g","contentUrl":"https:\/\/secure.gravatar.com\/avatar\/24d838053ac794a7ee707e5786b7bd57?s=96&d=mm&r=g","caption":"AcapulcoAmm"},"url":"https:\/\/acapulcobeach.info\/en\/author\/acapulcoamm\/"}]}},"_links":{"self":[{"href":"https:\/\/acapulcobeach.info\/en\/wp-json\/wp\/v2\/posts\/1490"}],"collection":[{"href":"https:\/\/acapulcobeach.info\/en\/wp-json\/wp\/v2\/posts"}],"about":[{"href":"https:\/\/acapulcobeach.info\/en\/wp-json\/wp\/v2\/types\/post"}],"author":[{"embeddable":true,"href":"https:\/\/acapulcobeach.info\/en\/wp-json\/wp\/v2\/users\/2"}],"replies":[{"embeddable":true,"href":"https:\/\/acapulcobeach.info\/en\/wp-json\/wp\/v2\/comments?post=1490"}],"version-history":[{"count":1,"href":"https:\/\/acapulcobeach.info\/en\/wp-json\/wp\/v2\/posts\/1490\/revisions"}],"predecessor-version":[{"id":1493,"href":"https:\/\/acapulcobeach.info\/en\/wp-json\/wp\/v2\/posts\/1490\/revisions\/1493"}],"wp:featuredmedia":[{"embeddable":true,"href":"https:\/\/acapulcobeach.info\/en\/wp-json\/wp\/v2\/media\/1488"}],"wp:attachment":[{"href":"https:\/\/acapulcobeach.info\/en\/wp-json\/wp\/v2\/media?parent=1490"}],"wp:term":[{"taxonomy":"category","embeddable":true,"href":"https:\/\/acapulcobeach.info\/en\/wp-json\/wp\/v2\/categories?post=1490"},{"taxonomy":"post_tag","embeddable":true,"href":"https:\/\/acapulcobeach.info\/en\/wp-json\/wp\/v2\/tags?post=1490"}],"curies":[{"name":"wp","href":"https:\/\/api.w.org\/{rel}","templated":true}]}}